{"id":1015,"date":"2024-09-03T14:10:05","date_gmt":"2024-09-03T20:10:05","guid":{"rendered":"https:\/\/www.k-g.com.mx\/?p=1015"},"modified":"2024-09-03T14:10:07","modified_gmt":"2024-09-03T20:10:07","slug":"se-establecen-limites-a-los-montos-de-las-rentas-inmobiliarias-en-la-ciudad-de-mexico","status":"publish","type":"post","link":"https:\/\/www.k-g.com.mx\/en\/se-establecen-limites-a-los-montos-de-las-rentas-inmobiliarias-en-la-ciudad-de-mexico\/","title":{"rendered":"LIMITS SET ON REAL ESTATE RENTS IN MEXICO CITY"},"content":{"rendered":"<p>On August 22, the Congress of Mexico City approved the initiative presented by the Head of Government to reform the Housing Law of Mexico City and the Civil Code for the Federal District. The primary objective of this reform is to curb excessive rent increases, implement a digital registry of lease agreements, and guarantee the construction of affordable public housing for vulnerable populations (hereinafter the \u201cReform\u201d).<\/p>\n\n\n\n<p>The Reform stipulates that rent increases for housing in Mexico City may not exceed the inflation rate reported by the Bank of Mexico in the preceding year, whereas it is currently stipulated that the rent increases may not exceed 10% of the monthly rent amount agreed upon in the lease agreement. The increase will be calculated based on the monthly rent agreed in the lease contract.<\/p>\n\n\n\n<p>Furthermore, a mandatory digital registry of all active lease contracts will be implemented and overseen by the Mexico City Government. Landlords will have a maximum of 30 days from the signing of the contract to complete this registration, which must be authorized by the government.<\/p>\n\n\n\n<p>Consequently, once these modifications are published in the Official Gazette of Mexico City, they will enter into force on the following day. Regarding the digital registry of contracts, the Mexico City Government will have a maximum of 30 days from the effective date of the Reform to establish the mechanism for registering lease agreements. Additionally, lease agreements in progress at the time of the Reform's enactment must be registered by the landlord within 90 days of the establishment of the aforementioned mechanism.<\/p>\n\n\n\n<p>For any questions or advice regarding this matter, our team of experts is available at the following email addresses:<\/p>\n\n\n\n<p>Paul Kavanagh: <a href=\"mailto:paul@k-g.com.mx\">paul@k-g.com.mx<\/a><\/p>\n\n\n\n<p>Luis Kanchi: <a href=\"mailto:Lkanchi@k-g.com.mx\">Lkanchi@k-g.com.mx<\/a><\/p>\n\n\n\n<p>Miguel Alonso: <a href=\"mailto:malonso@k-g.com.mx\">malonso@k-g.com.mx<\/a><\/p>","protected":false},"excerpt":{"rendered":"<p>El pasado jueves 22 de agosto de 2024, el Congreso de la Ciudad de M\u00e9xico aprob\u00f3 la iniciativa del Jefe de Gobierno para reformar la Ley de la Vivienda de la Ciudad de M\u00e9xico y el C\u00f3digo Civil para el Distrito Federal. El objetivo principal de esta reforma es frenar el incremento desmedido de las [&hellip;]<\/p>","protected":false},"author":1,"featured_media":1016,"comment_status":"closed","ping_status":"closed","sticky":false,"template":"","format":"standard","meta":{"_acf_changed":false,"footnotes":""},"categories":[1],"tags":[],"class_list":["post-1015","post","type-post","status-publish","format-standard","has-post-thumbnail","hentry","category-sin-categoria"],"acf":[],"yoast_head":"<!-- This site is optimized with the Yoast SEO plugin v25.3.1 - https:\/\/yoast.com\/wordpress\/plugins\/seo\/ -->\n<title>SE ESTABLECEN L\u00cdMITES A LOS MONTOS DE LAS RENTAS INMOBILIARIAS EN LA CIUDAD DE M\u00c9XICO - KAVANAGH | GOROZPE<\/title>\n<meta name=\"robots\" content=\"index, follow, max-snippet:-1, max-image-preview:large, max-video-preview:-1\" \/>\n<link rel=\"canonical\" href=\"https:\/\/www.k-g.com.mx\/en\/se-establecen-limites-a-los-montos-de-las-rentas-inmobiliarias-en-la-ciudad-de-mexico\/\" \/>\n<meta property=\"og:locale\" content=\"en_US\" \/>\n<meta property=\"og:type\" content=\"article\" \/>\n<meta property=\"og:title\" content=\"SE ESTABLECEN L\u00cdMITES A LOS MONTOS DE LAS RENTAS INMOBILIARIAS EN LA CIUDAD DE M\u00c9XICO - KAVANAGH | GOROZPE\" \/>\n<meta property=\"og:description\" content=\"El pasado jueves 22 de agosto de 2024, el Congreso de la Ciudad de M\u00e9xico aprob\u00f3 la iniciativa del Jefe de Gobierno para reformar la Ley de la Vivienda de la Ciudad de M\u00e9xico y el C\u00f3digo Civil para el Distrito Federal. El objetivo principal de esta reforma es frenar el incremento desmedido de las [&hellip;]\" \/>\n<meta property=\"og:url\" content=\"https:\/\/www.k-g.com.mx\/en\/se-establecen-limites-a-los-montos-de-las-rentas-inmobiliarias-en-la-ciudad-de-mexico\/\" \/>\n<meta property=\"og:site_name\" content=\"KAVANAGH | GOROZPE\" \/>\n<meta property=\"article:publisher\" content=\"https:\/\/www.facebook.com\/KavanaghGorozpe\/\" \/>\n<meta property=\"article:published_time\" content=\"2024-09-03T20:10:05+00:00\" \/>\n<meta property=\"article:modified_time\" content=\"2024-09-03T20:10:07+00:00\" \/>\n<meta property=\"og:image\" content=\"https:\/\/www.k-g.com.mx\/wp-content\/uploads\/2024\/09\/2Web-banner-300x200-1.png\" \/>\n\t<meta property=\"og:image:width\" content=\"1800\" \/>\n\t<meta property=\"og:image:height\" content=\"1200\" \/>\n\t<meta property=\"og:image:type\" content=\"image\/png\" \/>\n<meta name=\"author\" content=\"Dev_Upwyse\" \/>\n<meta name=\"twitter:card\" content=\"summary_large_image\" \/>\n<meta name=\"twitter:label1\" content=\"Written by\" \/>\n\t<meta name=\"twitter:data1\" content=\"Dev_Upwyse\" \/>\n\t<meta name=\"twitter:label2\" content=\"Est. reading time\" \/>\n\t<meta name=\"twitter:data2\" content=\"2 minutes\" \/>\n<script type=\"application\/ld+json\" class=\"yoast-schema-graph\">{\"@context\":\"https:\/\/schema.org\",\"@graph\":[{\"@type\":\"Article\",\"@id\":\"https:\/\/www.k-g.com.mx\/se-establecen-limites-a-los-montos-de-las-rentas-inmobiliarias-en-la-ciudad-de-mexico\/#article\",\"isPartOf\":{\"@id\":\"https:\/\/www.k-g.com.mx\/se-establecen-limites-a-los-montos-de-las-rentas-inmobiliarias-en-la-ciudad-de-mexico\/\"},\"author\":{\"name\":\"Dev_Upwyse\",\"@id\":\"https:\/\/www.k-g.com.mx\/#\/schema\/person\/4bed2e498768bb8d745ddc50ae0902d3\"},\"headline\":\"SE ESTABLECEN L\u00cdMITES A LOS MONTOS DE LAS RENTAS INMOBILIARIAS EN LA CIUDAD DE M\u00c9XICO\",\"datePublished\":\"2024-09-03T20:10:05+00:00\",\"dateModified\":\"2024-09-03T20:10:07+00:00\",\"mainEntityOfPage\":{\"@id\":\"https:\/\/www.k-g.com.mx\/se-establecen-limites-a-los-montos-de-las-rentas-inmobiliarias-en-la-ciudad-de-mexico\/\"},\"wordCount\":390,\"publisher\":{\"@id\":\"https:\/\/www.k-g.com.mx\/#organization\"},\"image\":{\"@id\":\"https:\/\/www.k-g.com.mx\/se-establecen-limites-a-los-montos-de-las-rentas-inmobiliarias-en-la-ciudad-de-mexico\/#primaryimage\"},\"thumbnailUrl\":\"https:\/\/www.k-g.com.mx\/wp-content\/uploads\/2024\/09\/2Web-banner-300x200-1.png\",\"articleSection\":[\"Sin categor\u00eda\"],\"inLanguage\":\"en-US\"},{\"@type\":\"WebPage\",\"@id\":\"https:\/\/www.k-g.com.mx\/se-establecen-limites-a-los-montos-de-las-rentas-inmobiliarias-en-la-ciudad-de-mexico\/\",\"url\":\"https:\/\/www.k-g.com.mx\/se-establecen-limites-a-los-montos-de-las-rentas-inmobiliarias-en-la-ciudad-de-mexico\/\",\"name\":\"SE ESTABLECEN L\u00cdMITES A LOS MONTOS DE LAS RENTAS INMOBILIARIAS EN LA CIUDAD DE M\u00c9XICO - KAVANAGH | GOROZPE\",\"isPartOf\":{\"@id\":\"https:\/\/www.k-g.com.mx\/#website\"},\"primaryImageOfPage\":{\"@id\":\"https:\/\/www.k-g.com.mx\/se-establecen-limites-a-los-montos-de-las-rentas-inmobiliarias-en-la-ciudad-de-mexico\/#primaryimage\"},\"image\":{\"@id\":\"https:\/\/www.k-g.com.mx\/se-establecen-limites-a-los-montos-de-las-rentas-inmobiliarias-en-la-ciudad-de-mexico\/#primaryimage\"},\"thumbnailUrl\":\"https:\/\/www.k-g.com.mx\/wp-content\/uploads\/2024\/09\/2Web-banner-300x200-1.png\",\"datePublished\":\"2024-09-03T20:10:05+00:00\",\"dateModified\":\"2024-09-03T20:10:07+00:00\",\"breadcrumb\":{\"@id\":\"https:\/\/www.k-g.com.mx\/se-establecen-limites-a-los-montos-de-las-rentas-inmobiliarias-en-la-ciudad-de-mexico\/#breadcrumb\"},\"inLanguage\":\"en-US\",\"potentialAction\":[{\"@type\":\"ReadAction\",\"target\":[\"https:\/\/www.k-g.com.mx\/se-establecen-limites-a-los-montos-de-las-rentas-inmobiliarias-en-la-ciudad-de-mexico\/\"]}]},{\"@type\":\"ImageObject\",\"inLanguage\":\"en-US\",\"@id\":\"https:\/\/www.k-g.com.mx\/se-establecen-limites-a-los-montos-de-las-rentas-inmobiliarias-en-la-ciudad-de-mexico\/#primaryimage\",\"url\":\"https:\/\/www.k-g.com.mx\/wp-content\/uploads\/2024\/09\/2Web-banner-300x200-1.png\",\"contentUrl\":\"https:\/\/www.k-g.com.mx\/wp-content\/uploads\/2024\/09\/2Web-banner-300x200-1.png\",\"width\":1800,\"height\":1200},{\"@type\":\"BreadcrumbList\",\"@id\":\"https:\/\/www.k-g.com.mx\/se-establecen-limites-a-los-montos-de-las-rentas-inmobiliarias-en-la-ciudad-de-mexico\/#breadcrumb\",\"itemListElement\":[{\"@type\":\"ListItem\",\"position\":1,\"name\":\"Inicio\",\"item\":\"https:\/\/www.k-g.com.mx\/\"},{\"@type\":\"ListItem\",\"position\":2,\"name\":\"SE ESTABLECEN L\u00cdMITES A LOS MONTOS DE LAS RENTAS INMOBILIARIAS EN LA CIUDAD DE M\u00c9XICO\"}]},{\"@type\":\"WebSite\",\"@id\":\"https:\/\/www.k-g.com.mx\/#website\",\"url\":\"https:\/\/www.k-g.com.mx\/\",\"name\":\"KAVANAGH | GOROZPE\",\"description\":\"\",\"publisher\":{\"@id\":\"https:\/\/www.k-g.com.mx\/#organization\"},\"potentialAction\":[{\"@type\":\"SearchAction\",\"target\":{\"@type\":\"EntryPoint\",\"urlTemplate\":\"https:\/\/www.k-g.com.mx\/?s={search_term_string}\"},\"query-input\":{\"@type\":\"PropertyValueSpecification\",\"valueRequired\":true,\"valueName\":\"search_term_string\"}}],\"inLanguage\":\"en-US\"},{\"@type\":\"Organization\",\"@id\":\"https:\/\/www.k-g.com.mx\/#organization\",\"name\":\"Kavanagh Gorozpe\",\"url\":\"https:\/\/www.k-g.com.mx\/\",\"logo\":{\"@type\":\"ImageObject\",\"inLanguage\":\"en-US\",\"@id\":\"https:\/\/www.k-g.com.mx\/#\/schema\/logo\/image\/\",\"url\":\"https:\/\/www.k-g.com.mx\/wp-content\/uploads\/2023\/08\/Grupo-2.svg\",\"contentUrl\":\"https:\/\/www.k-g.com.mx\/wp-content\/uploads\/2023\/08\/Grupo-2.svg\",\"width\":345.626,\"height\":105.755,\"caption\":\"Kavanagh Gorozpe\"},\"image\":{\"@id\":\"https:\/\/www.k-g.com.mx\/#\/schema\/logo\/image\/\"},\"sameAs\":[\"https:\/\/www.facebook.com\/KavanaghGorozpe\/\",\"https:\/\/www.linkedin.com\/company\/kavanagh-gorozpe\/\",\"https:\/\/www.instagram.com\/kavanagh.gorozpe\/\"]},{\"@type\":\"Person\",\"@id\":\"https:\/\/www.k-g.com.mx\/#\/schema\/person\/4bed2e498768bb8d745ddc50ae0902d3\",\"name\":\"Dev_Upwyse\",\"sameAs\":[\"https:\/\/upwyse.co\/kg\"]}]}<\/script>\n<!-- \/ Yoast SEO plugin. -->","yoast_head_json":{"title":"SE ESTABLECEN L\u00cdMITES A LOS MONTOS DE LAS RENTAS INMOBILIARIAS EN LA CIUDAD DE M\u00c9XICO - KAVANAGH | GOROZPE","robots":{"index":"index","follow":"follow","max-snippet":"max-snippet:-1","max-image-preview":"max-image-preview:large","max-video-preview":"max-video-preview:-1"},"canonical":"https:\/\/www.k-g.com.mx\/en\/se-establecen-limites-a-los-montos-de-las-rentas-inmobiliarias-en-la-ciudad-de-mexico\/","og_locale":"en_US","og_type":"article","og_title":"SE ESTABLECEN L\u00cdMITES A LOS MONTOS DE LAS RENTAS INMOBILIARIAS EN LA CIUDAD DE M\u00c9XICO - KAVANAGH | GOROZPE","og_description":"El pasado jueves 22 de agosto de 2024, el Congreso de la Ciudad de M\u00e9xico aprob\u00f3 la iniciativa del Jefe de Gobierno para reformar la Ley de la Vivienda de la Ciudad de M\u00e9xico y el C\u00f3digo Civil para el Distrito Federal. El objetivo principal de esta reforma es frenar el incremento desmedido de las [&hellip;]","og_url":"https:\/\/www.k-g.com.mx\/en\/se-establecen-limites-a-los-montos-de-las-rentas-inmobiliarias-en-la-ciudad-de-mexico\/","og_site_name":"KAVANAGH | GOROZPE","article_publisher":"https:\/\/www.facebook.com\/KavanaghGorozpe\/","article_published_time":"2024-09-03T20:10:05+00:00","article_modified_time":"2024-09-03T20:10:07+00:00","og_image":[{"width":1800,"height":1200,"url":"https:\/\/www.k-g.com.mx\/wp-content\/uploads\/2024\/09\/2Web-banner-300x200-1.png","type":"image\/png"}],"author":"Dev_Upwyse","twitter_card":"summary_large_image","twitter_misc":{"Written by":"Dev_Upwyse","Est. reading time":"2 minutes"},"schema":{"@context":"https:\/\/schema.org","@graph":[{"@type":"Article","@id":"https:\/\/www.k-g.com.mx\/se-establecen-limites-a-los-montos-de-las-rentas-inmobiliarias-en-la-ciudad-de-mexico\/#article","isPartOf":{"@id":"https:\/\/www.k-g.com.mx\/se-establecen-limites-a-los-montos-de-las-rentas-inmobiliarias-en-la-ciudad-de-mexico\/"},"author":{"name":"Dev_Upwyse","@id":"https:\/\/www.k-g.com.mx\/#\/schema\/person\/4bed2e498768bb8d745ddc50ae0902d3"},"headline":"SE ESTABLECEN L\u00cdMITES A LOS MONTOS DE LAS RENTAS INMOBILIARIAS EN LA CIUDAD DE M\u00c9XICO","datePublished":"2024-09-03T20:10:05+00:00","dateModified":"2024-09-03T20:10:07+00:00","mainEntityOfPage":{"@id":"https:\/\/www.k-g.com.mx\/se-establecen-limites-a-los-montos-de-las-rentas-inmobiliarias-en-la-ciudad-de-mexico\/"},"wordCount":390,"publisher":{"@id":"https:\/\/www.k-g.com.mx\/#organization"},"image":{"@id":"https:\/\/www.k-g.com.mx\/se-establecen-limites-a-los-montos-de-las-rentas-inmobiliarias-en-la-ciudad-de-mexico\/#primaryimage"},"thumbnailUrl":"https:\/\/www.k-g.com.mx\/wp-content\/uploads\/2024\/09\/2Web-banner-300x200-1.png","articleSection":["Sin categor\u00eda"],"inLanguage":"en-US"},{"@type":"WebPage","@id":"https:\/\/www.k-g.com.mx\/se-establecen-limites-a-los-montos-de-las-rentas-inmobiliarias-en-la-ciudad-de-mexico\/","url":"https:\/\/www.k-g.com.mx\/se-establecen-limites-a-los-montos-de-las-rentas-inmobiliarias-en-la-ciudad-de-mexico\/","name":"SE ESTABLECEN L\u00cdMITES A LOS MONTOS DE LAS RENTAS INMOBILIARIAS EN LA CIUDAD DE M\u00c9XICO - KAVANAGH | GOROZPE","isPartOf":{"@id":"https:\/\/www.k-g.com.mx\/#website"},"primaryImageOfPage":{"@id":"https:\/\/www.k-g.com.mx\/se-establecen-limites-a-los-montos-de-las-rentas-inmobiliarias-en-la-ciudad-de-mexico\/#primaryimage"},"image":{"@id":"https:\/\/www.k-g.com.mx\/se-establecen-limites-a-los-montos-de-las-rentas-inmobiliarias-en-la-ciudad-de-mexico\/#primaryimage"},"thumbnailUrl":"https:\/\/www.k-g.com.mx\/wp-content\/uploads\/2024\/09\/2Web-banner-300x200-1.png","datePublished":"2024-09-03T20:10:05+00:00","dateModified":"2024-09-03T20:10:07+00:00","breadcrumb":{"@id":"https:\/\/www.k-g.com.mx\/se-establecen-limites-a-los-montos-de-las-rentas-inmobiliarias-en-la-ciudad-de-mexico\/#breadcrumb"},"inLanguage":"en-US","potentialAction":[{"@type":"ReadAction","target":["https:\/\/www.k-g.com.mx\/se-establecen-limites-a-los-montos-de-las-rentas-inmobiliarias-en-la-ciudad-de-mexico\/"]}]},{"@type":"ImageObject","inLanguage":"en-US","@id":"https:\/\/www.k-g.com.mx\/se-establecen-limites-a-los-montos-de-las-rentas-inmobiliarias-en-la-ciudad-de-mexico\/#primaryimage","url":"https:\/\/www.k-g.com.mx\/wp-content\/uploads\/2024\/09\/2Web-banner-300x200-1.png","contentUrl":"https:\/\/www.k-g.com.mx\/wp-content\/uploads\/2024\/09\/2Web-banner-300x200-1.png","width":1800,"height":1200},{"@type":"BreadcrumbList","@id":"https:\/\/www.k-g.com.mx\/se-establecen-limites-a-los-montos-de-las-rentas-inmobiliarias-en-la-ciudad-de-mexico\/#breadcrumb","itemListElement":[{"@type":"ListItem","position":1,"name":"Inicio","item":"https:\/\/www.k-g.com.mx\/"},{"@type":"ListItem","position":2,"name":"SE ESTABLECEN L\u00cdMITES A LOS MONTOS DE LAS RENTAS INMOBILIARIAS EN LA CIUDAD DE M\u00c9XICO"}]},{"@type":"WebSite","@id":"https:\/\/www.k-g.com.mx\/#website","url":"https:\/\/www.k-g.com.mx\/","name":"KAVANAGH | GOROZPE","description":"","publisher":{"@id":"https:\/\/www.k-g.com.mx\/#organization"},"potentialAction":[{"@type":"SearchAction","target":{"@type":"EntryPoint","urlTemplate":"https:\/\/www.k-g.com.mx\/?s={search_term_string}"},"query-input":{"@type":"PropertyValueSpecification","valueRequired":true,"valueName":"search_term_string"}}],"inLanguage":"en-US"},{"@type":"Organization","@id":"https:\/\/www.k-g.com.mx\/#organization","name":"Kavanagh Gorozpe","url":"https:\/\/www.k-g.com.mx\/","logo":{"@type":"ImageObject","inLanguage":"en-US","@id":"https:\/\/www.k-g.com.mx\/#\/schema\/logo\/image\/","url":"https:\/\/www.k-g.com.mx\/wp-content\/uploads\/2023\/08\/Grupo-2.svg","contentUrl":"https:\/\/www.k-g.com.mx\/wp-content\/uploads\/2023\/08\/Grupo-2.svg","width":345.626,"height":105.755,"caption":"Kavanagh Gorozpe"},"image":{"@id":"https:\/\/www.k-g.com.mx\/#\/schema\/logo\/image\/"},"sameAs":["https:\/\/www.facebook.com\/KavanaghGorozpe\/","https:\/\/www.linkedin.com\/company\/kavanagh-gorozpe\/","https:\/\/www.instagram.com\/kavanagh.gorozpe\/"]},{"@type":"Person","@id":"https:\/\/www.k-g.com.mx\/#\/schema\/person\/4bed2e498768bb8d745ddc50ae0902d3","name":"Dev_Upwyse","sameAs":["https:\/\/upwyse.co\/kg"]}]}},"_links":{"self":[{"href":"https:\/\/www.k-g.com.mx\/en\/wp-json\/wp\/v2\/posts\/1015","targetHints":{"allow":["GET"]}}],"collection":[{"href":"https:\/\/www.k-g.com.mx\/en\/wp-json\/wp\/v2\/posts"}],"about":[{"href":"https:\/\/www.k-g.com.mx\/en\/wp-json\/wp\/v2\/types\/post"}],"author":[{"embeddable":true,"href":"https:\/\/www.k-g.com.mx\/en\/wp-json\/wp\/v2\/users\/1"}],"replies":[{"embeddable":true,"href":"https:\/\/www.k-g.com.mx\/en\/wp-json\/wp\/v2\/comments?post=1015"}],"version-history":[{"count":1,"href":"https:\/\/www.k-g.com.mx\/en\/wp-json\/wp\/v2\/posts\/1015\/revisions"}],"predecessor-version":[{"id":1017,"href":"https:\/\/www.k-g.com.mx\/en\/wp-json\/wp\/v2\/posts\/1015\/revisions\/1017"}],"wp:featuredmedia":[{"embeddable":true,"href":"https:\/\/www.k-g.com.mx\/en\/wp-json\/wp\/v2\/media\/1016"}],"wp:attachment":[{"href":"https:\/\/www.k-g.com.mx\/en\/wp-json\/wp\/v2\/media?parent=1015"}],"wp:term":[{"taxonomy":"category","embeddable":true,"href":"https:\/\/www.k-g.com.mx\/en\/wp-json\/wp\/v2\/categories?post=1015"},{"taxonomy":"post_tag","embeddable":true,"href":"https:\/\/www.k-g.com.mx\/en\/wp-json\/wp\/v2\/tags?post=1015"}],"curies":[{"name":"wp","href":"https:\/\/api.w.org\/{rel}","templated":true}]}}