{"id":1570,"date":"2026-04-15T09:16:59","date_gmt":"2026-04-15T15:16:59","guid":{"rendered":"https:\/\/www.k-g.com.mx\/?p=1570"},"modified":"2026-04-15T09:18:14","modified_gmt":"2026-04-15T15:18:14","slug":"decreto-por-el-que-se-reforma-el-articulo-141-de-codigo-fiscal-de-la-federacion","status":"publish","type":"post","link":"https:\/\/www.k-g.com.mx\/en\/decreto-por-el-que-se-reforma-el-articulo-141-de-codigo-fiscal-de-la-federacion\/","title":{"rendered":"DECREE AMENDING ARTICLE 141 OF THE FEDERAL TAX CODE"},"content":{"rendered":"<p>Dear clients and friends,<\/p>\n\n\n\n<p>On April 9, 2026, a decree was published in the Official Gazette of the Federation amending Article 141 of the Federal Tax Code (\u201cCFF\u201d, for its acronym in Spanish) regarding guarantees for the protection of the tax interest.<\/p>\n\n\n\n<p><em><u>The reform eliminates the order of priority that previously required taxpayers to provide guarantees following a pre-established sequence.<\/u><\/em> As of its entry into force, taxpayers may freely choose the type of guarantee that best suits their particular situation, without being subject to any order of priority.<\/p>\n\n\n\n<p>Under the previous framework, guarantees had to be provided in the following order:<\/p>\n\n\n\n<ol style=\"list-style-type:upper-roman\" class=\"wp-block-list\">\n<li>Deposit certificate.<\/li>\n\n\n\n<li>Letter of credit.<\/li>\n\n\n\n<li>Pledge and mortgage.<\/li>\n\n\n\n<li>Surety bond.<\/li>\n\n\n\n<li>Joint and several obligation.<\/li>\n\n\n\n<li>Attachment.<\/li>\n<\/ol>\n\n\n\n<p>According to this order, the cash deposit certificate was the mandatory first option, up to the limit of the taxpayer\u2019s financial capacity, thereby restricting their ability to act when needing to challenge resolutions issued by the tax authority.<\/p>\n\n\n\n<p><em><u>Guarantee procedures initiated between January 1, 2026, and April 9, 2026, as well as guarantees granted during that period in accordance with the order established prior to the amendment of Article 141, may be subject to the provisions of the amended text.<\/u><\/em><\/p>\n\n\n\n<p><em><u>This applies to the extent that the taxpayer expressly requests it before the authority within thirty calendar days following the entry into force of the decree amending the CFF.<\/u><\/em><\/p>\n\n\n\n<p>If you have any questions or require advice regarding the above, our team of experts is available at the following email addresses:<\/p>\n\n\n\n<p>Paul Kavanagh: <a href=\"mailto:paul@k-g.com.mx\">paul@k-g.com.mx<\/a><br>Miguel Alonso: <a href=\"mailto:malonso@k-g.com.mx\">malonso@k-g.com.mx<\/a> <br>Luis Kanchi: <a href=\"mailto:Lkanchi@k-g.com.mx\">Lkanchi@k-g.com.mx<\/a><\/p>","protected":false},"excerpt":{"rendered":"<p>Estimados clientes y amigos: El pasado 9 de abril de 2026, se public\u00f3 en el Diario Oficial de la Federaci\u00f3n el decreto por el cual se reforma el Art\u00edculo 141 del C\u00f3digo Fiscal de la Federaci\u00f3n (\u201cCFF\u201d) en materia de garant\u00edas para el inter\u00e9s fiscal. La reforma elimina el orden de prelaci\u00f3n que anteriormente obligaba [&hellip;]<\/p>","protected":false},"author":1,"featured_media":1571,"comment_status":"closed","ping_status":"closed","sticky":false,"template":"","format":"standard","meta":{"_acf_changed":false,"footnotes":""},"categories":[1],"tags":[],"class_list":["post-1570","post","type-post","status-publish","format-standard","has-post-thumbnail","hentry","category-sin-categoria"],"acf":[],"yoast_head":"<!-- This site is optimized with the Yoast SEO plugin v25.3.1 - https:\/\/yoast.com\/wordpress\/plugins\/seo\/ -->\n<title>DECRETO POR EL QUE SE REFORMA EL ART\u00cdCULO 141 DE C\u00d3DIGO FISCAL DE LA FEDERACI\u00d3N - KAVANAGH | GOROZPE<\/title>\n<meta name=\"robots\" content=\"index, follow, max-snippet:-1, max-image-preview:large, max-video-preview:-1\" \/>\n<link rel=\"canonical\" href=\"https:\/\/www.k-g.com.mx\/en\/decreto-por-el-que-se-reforma-el-articulo-141-de-codigo-fiscal-de-la-federacion\/\" \/>\n<meta property=\"og:locale\" content=\"en_US\" \/>\n<meta property=\"og:type\" content=\"article\" \/>\n<meta property=\"og:title\" content=\"DECRETO POR EL QUE SE REFORMA EL ART\u00cdCULO 141 DE C\u00d3DIGO FISCAL DE LA FEDERACI\u00d3N - KAVANAGH | GOROZPE\" \/>\n<meta property=\"og:description\" content=\"Estimados clientes y amigos: El pasado 9 de abril de 2026, se public\u00f3 en el Diario Oficial de la Federaci\u00f3n el decreto por el cual se reforma el Art\u00edculo 141 del C\u00f3digo Fiscal de la Federaci\u00f3n (\u201cCFF\u201d) en materia de garant\u00edas para el inter\u00e9s fiscal. La reforma elimina el orden de prelaci\u00f3n que anteriormente obligaba [&hellip;]\" \/>\n<meta property=\"og:url\" content=\"https:\/\/www.k-g.com.mx\/en\/decreto-por-el-que-se-reforma-el-articulo-141-de-codigo-fiscal-de-la-federacion\/\" \/>\n<meta property=\"og:site_name\" content=\"KAVANAGH | GOROZPE\" \/>\n<meta property=\"article:publisher\" content=\"https:\/\/www.facebook.com\/KavanaghGorozpe\/\" \/>\n<meta property=\"article:published_time\" content=\"2026-04-15T15:16:59+00:00\" \/>\n<meta property=\"article:modified_time\" content=\"2026-04-15T15:18:14+00:00\" \/>\n<meta property=\"og:image\" content=\"https:\/\/www.k-g.com.mx\/wp-content\/uploads\/2026\/04\/TEXTURA-4-100.jpg\" \/>\n\t<meta property=\"og:image:width\" content=\"1731\" \/>\n\t<meta property=\"og:image:height\" content=\"1150\" \/>\n\t<meta property=\"og:image:type\" content=\"image\/jpeg\" \/>\n<meta name=\"author\" content=\"Dev_Upwyse\" \/>\n<meta name=\"twitter:card\" content=\"summary_large_image\" \/>\n<meta name=\"twitter:label1\" content=\"Written by\" \/>\n\t<meta name=\"twitter:data1\" content=\"Dev_Upwyse\" \/>\n\t<meta name=\"twitter:label2\" content=\"Est. reading time\" \/>\n\t<meta name=\"twitter:data2\" content=\"2 minutes\" \/>\n<script type=\"application\/ld+json\" class=\"yoast-schema-graph\">{\"@context\":\"https:\/\/schema.org\",\"@graph\":[{\"@type\":\"Article\",\"@id\":\"https:\/\/www.k-g.com.mx\/decreto-por-el-que-se-reforma-el-articulo-141-de-codigo-fiscal-de-la-federacion\/#article\",\"isPartOf\":{\"@id\":\"https:\/\/www.k-g.com.mx\/decreto-por-el-que-se-reforma-el-articulo-141-de-codigo-fiscal-de-la-federacion\/\"},\"author\":{\"name\":\"Dev_Upwyse\",\"@id\":\"https:\/\/www.k-g.com.mx\/#\/schema\/person\/4bed2e498768bb8d745ddc50ae0902d3\"},\"headline\":\"DECRETO POR EL QUE SE REFORMA EL ART\u00cdCULO 141 DE C\u00d3DIGO FISCAL DE LA FEDERACI\u00d3N\",\"datePublished\":\"2026-04-15T15:16:59+00:00\",\"dateModified\":\"2026-04-15T15:18:14+00:00\",\"mainEntityOfPage\":{\"@id\":\"https:\/\/www.k-g.com.mx\/decreto-por-el-que-se-reforma-el-articulo-141-de-codigo-fiscal-de-la-federacion\/\"},\"wordCount\":327,\"publisher\":{\"@id\":\"https:\/\/www.k-g.com.mx\/#organization\"},\"image\":{\"@id\":\"https:\/\/www.k-g.com.mx\/decreto-por-el-que-se-reforma-el-articulo-141-de-codigo-fiscal-de-la-federacion\/#primaryimage\"},\"thumbnailUrl\":\"https:\/\/www.k-g.com.mx\/wp-content\/uploads\/2026\/04\/TEXTURA-4-100.jpg\",\"articleSection\":[\"Sin categor\u00eda\"],\"inLanguage\":\"en-US\"},{\"@type\":\"WebPage\",\"@id\":\"https:\/\/www.k-g.com.mx\/decreto-por-el-que-se-reforma-el-articulo-141-de-codigo-fiscal-de-la-federacion\/\",\"url\":\"https:\/\/www.k-g.com.mx\/decreto-por-el-que-se-reforma-el-articulo-141-de-codigo-fiscal-de-la-federacion\/\",\"name\":\"DECRETO POR EL QUE SE REFORMA EL ART\u00cdCULO 141 DE C\u00d3DIGO FISCAL DE LA FEDERACI\u00d3N - KAVANAGH | GOROZPE\",\"isPartOf\":{\"@id\":\"https:\/\/www.k-g.com.mx\/#website\"},\"primaryImageOfPage\":{\"@id\":\"https:\/\/www.k-g.com.mx\/decreto-por-el-que-se-reforma-el-articulo-141-de-codigo-fiscal-de-la-federacion\/#primaryimage\"},\"image\":{\"@id\":\"https:\/\/www.k-g.com.mx\/decreto-por-el-que-se-reforma-el-articulo-141-de-codigo-fiscal-de-la-federacion\/#primaryimage\"},\"thumbnailUrl\":\"https:\/\/www.k-g.com.mx\/wp-content\/uploads\/2026\/04\/TEXTURA-4-100.jpg\",\"datePublished\":\"2026-04-15T15:16:59+00:00\",\"dateModified\":\"2026-04-15T15:18:14+00:00\",\"breadcrumb\":{\"@id\":\"https:\/\/www.k-g.com.mx\/decreto-por-el-que-se-reforma-el-articulo-141-de-codigo-fiscal-de-la-federacion\/#breadcrumb\"},\"inLanguage\":\"en-US\",\"potentialAction\":[{\"@type\":\"ReadAction\",\"target\":[\"https:\/\/www.k-g.com.mx\/decreto-por-el-que-se-reforma-el-articulo-141-de-codigo-fiscal-de-la-federacion\/\"]}]},{\"@type\":\"ImageObject\",\"inLanguage\":\"en-US\",\"@id\":\"https:\/\/www.k-g.com.mx\/decreto-por-el-que-se-reforma-el-articulo-141-de-codigo-fiscal-de-la-federacion\/#primaryimage\",\"url\":\"https:\/\/www.k-g.com.mx\/wp-content\/uploads\/2026\/04\/TEXTURA-4-100.jpg\",\"contentUrl\":\"https:\/\/www.k-g.com.mx\/wp-content\/uploads\/2026\/04\/TEXTURA-4-100.jpg\",\"width\":1731,\"height\":1150},{\"@type\":\"BreadcrumbList\",\"@id\":\"https:\/\/www.k-g.com.mx\/decreto-por-el-que-se-reforma-el-articulo-141-de-codigo-fiscal-de-la-federacion\/#breadcrumb\",\"itemListElement\":[{\"@type\":\"ListItem\",\"position\":1,\"name\":\"Inicio\",\"item\":\"https:\/\/www.k-g.com.mx\/\"},{\"@type\":\"ListItem\",\"position\":2,\"name\":\"DECRETO POR EL QUE SE REFORMA EL ART\u00cdCULO 141 DE C\u00d3DIGO FISCAL DE LA FEDERACI\u00d3N\"}]},{\"@type\":\"WebSite\",\"@id\":\"https:\/\/www.k-g.com.mx\/#website\",\"url\":\"https:\/\/www.k-g.com.mx\/\",\"name\":\"KAVANAGH | GOROZPE\",\"description\":\"\",\"publisher\":{\"@id\":\"https:\/\/www.k-g.com.mx\/#organization\"},\"potentialAction\":[{\"@type\":\"SearchAction\",\"target\":{\"@type\":\"EntryPoint\",\"urlTemplate\":\"https:\/\/www.k-g.com.mx\/?s={search_term_string}\"},\"query-input\":{\"@type\":\"PropertyValueSpecification\",\"valueRequired\":true,\"valueName\":\"search_term_string\"}}],\"inLanguage\":\"en-US\"},{\"@type\":\"Organization\",\"@id\":\"https:\/\/www.k-g.com.mx\/#organization\",\"name\":\"Kavanagh Gorozpe\",\"url\":\"https:\/\/www.k-g.com.mx\/\",\"logo\":{\"@type\":\"ImageObject\",\"inLanguage\":\"en-US\",\"@id\":\"https:\/\/www.k-g.com.mx\/#\/schema\/logo\/image\/\",\"url\":\"https:\/\/www.k-g.com.mx\/wp-content\/uploads\/2023\/08\/Grupo-2.svg\",\"contentUrl\":\"https:\/\/www.k-g.com.mx\/wp-content\/uploads\/2023\/08\/Grupo-2.svg\",\"width\":345.626,\"height\":105.755,\"caption\":\"Kavanagh Gorozpe\"},\"image\":{\"@id\":\"https:\/\/www.k-g.com.mx\/#\/schema\/logo\/image\/\"},\"sameAs\":[\"https:\/\/www.facebook.com\/KavanaghGorozpe\/\",\"https:\/\/www.linkedin.com\/company\/kavanagh-gorozpe\/\",\"https:\/\/www.instagram.com\/kavanagh.gorozpe\/\"]},{\"@type\":\"Person\",\"@id\":\"https:\/\/www.k-g.com.mx\/#\/schema\/person\/4bed2e498768bb8d745ddc50ae0902d3\",\"name\":\"Dev_Upwyse\",\"sameAs\":[\"https:\/\/upwyse.co\/kg\"]}]}<\/script>\n<!-- \/ Yoast SEO plugin. -->","yoast_head_json":{"title":"DECRETO POR EL QUE SE REFORMA EL ART\u00cdCULO 141 DE C\u00d3DIGO FISCAL DE LA FEDERACI\u00d3N - KAVANAGH | GOROZPE","robots":{"index":"index","follow":"follow","max-snippet":"max-snippet:-1","max-image-preview":"max-image-preview:large","max-video-preview":"max-video-preview:-1"},"canonical":"https:\/\/www.k-g.com.mx\/en\/decreto-por-el-que-se-reforma-el-articulo-141-de-codigo-fiscal-de-la-federacion\/","og_locale":"en_US","og_type":"article","og_title":"DECRETO POR EL QUE SE REFORMA EL ART\u00cdCULO 141 DE C\u00d3DIGO FISCAL DE LA FEDERACI\u00d3N - KAVANAGH | GOROZPE","og_description":"Estimados clientes y amigos: El pasado 9 de abril de 2026, se public\u00f3 en el Diario Oficial de la Federaci\u00f3n el decreto por el cual se reforma el Art\u00edculo 141 del C\u00f3digo Fiscal de la Federaci\u00f3n (\u201cCFF\u201d) en materia de garant\u00edas para el inter\u00e9s fiscal. La reforma elimina el orden de prelaci\u00f3n que anteriormente obligaba [&hellip;]","og_url":"https:\/\/www.k-g.com.mx\/en\/decreto-por-el-que-se-reforma-el-articulo-141-de-codigo-fiscal-de-la-federacion\/","og_site_name":"KAVANAGH | GOROZPE","article_publisher":"https:\/\/www.facebook.com\/KavanaghGorozpe\/","article_published_time":"2026-04-15T15:16:59+00:00","article_modified_time":"2026-04-15T15:18:14+00:00","og_image":[{"width":1731,"height":1150,"url":"https:\/\/www.k-g.com.mx\/wp-content\/uploads\/2026\/04\/TEXTURA-4-100.jpg","type":"image\/jpeg"}],"author":"Dev_Upwyse","twitter_card":"summary_large_image","twitter_misc":{"Written by":"Dev_Upwyse","Est. reading time":"2 minutes"},"schema":{"@context":"https:\/\/schema.org","@graph":[{"@type":"Article","@id":"https:\/\/www.k-g.com.mx\/decreto-por-el-que-se-reforma-el-articulo-141-de-codigo-fiscal-de-la-federacion\/#article","isPartOf":{"@id":"https:\/\/www.k-g.com.mx\/decreto-por-el-que-se-reforma-el-articulo-141-de-codigo-fiscal-de-la-federacion\/"},"author":{"name":"Dev_Upwyse","@id":"https:\/\/www.k-g.com.mx\/#\/schema\/person\/4bed2e498768bb8d745ddc50ae0902d3"},"headline":"DECRETO POR EL QUE SE REFORMA EL ART\u00cdCULO 141 DE C\u00d3DIGO FISCAL DE LA FEDERACI\u00d3N","datePublished":"2026-04-15T15:16:59+00:00","dateModified":"2026-04-15T15:18:14+00:00","mainEntityOfPage":{"@id":"https:\/\/www.k-g.com.mx\/decreto-por-el-que-se-reforma-el-articulo-141-de-codigo-fiscal-de-la-federacion\/"},"wordCount":327,"publisher":{"@id":"https:\/\/www.k-g.com.mx\/#organization"},"image":{"@id":"https:\/\/www.k-g.com.mx\/decreto-por-el-que-se-reforma-el-articulo-141-de-codigo-fiscal-de-la-federacion\/#primaryimage"},"thumbnailUrl":"https:\/\/www.k-g.com.mx\/wp-content\/uploads\/2026\/04\/TEXTURA-4-100.jpg","articleSection":["Sin categor\u00eda"],"inLanguage":"en-US"},{"@type":"WebPage","@id":"https:\/\/www.k-g.com.mx\/decreto-por-el-que-se-reforma-el-articulo-141-de-codigo-fiscal-de-la-federacion\/","url":"https:\/\/www.k-g.com.mx\/decreto-por-el-que-se-reforma-el-articulo-141-de-codigo-fiscal-de-la-federacion\/","name":"DECRETO POR EL QUE SE REFORMA EL ART\u00cdCULO 141 DE C\u00d3DIGO FISCAL DE LA FEDERACI\u00d3N - KAVANAGH | GOROZPE","isPartOf":{"@id":"https:\/\/www.k-g.com.mx\/#website"},"primaryImageOfPage":{"@id":"https:\/\/www.k-g.com.mx\/decreto-por-el-que-se-reforma-el-articulo-141-de-codigo-fiscal-de-la-federacion\/#primaryimage"},"image":{"@id":"https:\/\/www.k-g.com.mx\/decreto-por-el-que-se-reforma-el-articulo-141-de-codigo-fiscal-de-la-federacion\/#primaryimage"},"thumbnailUrl":"https:\/\/www.k-g.com.mx\/wp-content\/uploads\/2026\/04\/TEXTURA-4-100.jpg","datePublished":"2026-04-15T15:16:59+00:00","dateModified":"2026-04-15T15:18:14+00:00","breadcrumb":{"@id":"https:\/\/www.k-g.com.mx\/decreto-por-el-que-se-reforma-el-articulo-141-de-codigo-fiscal-de-la-federacion\/#breadcrumb"},"inLanguage":"en-US","potentialAction":[{"@type":"ReadAction","target":["https:\/\/www.k-g.com.mx\/decreto-por-el-que-se-reforma-el-articulo-141-de-codigo-fiscal-de-la-federacion\/"]}]},{"@type":"ImageObject","inLanguage":"en-US","@id":"https:\/\/www.k-g.com.mx\/decreto-por-el-que-se-reforma-el-articulo-141-de-codigo-fiscal-de-la-federacion\/#primaryimage","url":"https:\/\/www.k-g.com.mx\/wp-content\/uploads\/2026\/04\/TEXTURA-4-100.jpg","contentUrl":"https:\/\/www.k-g.com.mx\/wp-content\/uploads\/2026\/04\/TEXTURA-4-100.jpg","width":1731,"height":1150},{"@type":"BreadcrumbList","@id":"https:\/\/www.k-g.com.mx\/decreto-por-el-que-se-reforma-el-articulo-141-de-codigo-fiscal-de-la-federacion\/#breadcrumb","itemListElement":[{"@type":"ListItem","position":1,"name":"Inicio","item":"https:\/\/www.k-g.com.mx\/"},{"@type":"ListItem","position":2,"name":"DECRETO POR EL QUE SE REFORMA EL ART\u00cdCULO 141 DE C\u00d3DIGO FISCAL DE LA FEDERACI\u00d3N"}]},{"@type":"WebSite","@id":"https:\/\/www.k-g.com.mx\/#website","url":"https:\/\/www.k-g.com.mx\/","name":"KAVANAGH | GOROZPE","description":"","publisher":{"@id":"https:\/\/www.k-g.com.mx\/#organization"},"potentialAction":[{"@type":"SearchAction","target":{"@type":"EntryPoint","urlTemplate":"https:\/\/www.k-g.com.mx\/?s={search_term_string}"},"query-input":{"@type":"PropertyValueSpecification","valueRequired":true,"valueName":"search_term_string"}}],"inLanguage":"en-US"},{"@type":"Organization","@id":"https:\/\/www.k-g.com.mx\/#organization","name":"Kavanagh Gorozpe","url":"https:\/\/www.k-g.com.mx\/","logo":{"@type":"ImageObject","inLanguage":"en-US","@id":"https:\/\/www.k-g.com.mx\/#\/schema\/logo\/image\/","url":"https:\/\/www.k-g.com.mx\/wp-content\/uploads\/2023\/08\/Grupo-2.svg","contentUrl":"https:\/\/www.k-g.com.mx\/wp-content\/uploads\/2023\/08\/Grupo-2.svg","width":345.626,"height":105.755,"caption":"Kavanagh Gorozpe"},"image":{"@id":"https:\/\/www.k-g.com.mx\/#\/schema\/logo\/image\/"},"sameAs":["https:\/\/www.facebook.com\/KavanaghGorozpe\/","https:\/\/www.linkedin.com\/company\/kavanagh-gorozpe\/","https:\/\/www.instagram.com\/kavanagh.gorozpe\/"]},{"@type":"Person","@id":"https:\/\/www.k-g.com.mx\/#\/schema\/person\/4bed2e498768bb8d745ddc50ae0902d3","name":"Dev_Upwyse","sameAs":["https:\/\/upwyse.co\/kg"]}]}},"_links":{"self":[{"href":"https:\/\/www.k-g.com.mx\/en\/wp-json\/wp\/v2\/posts\/1570","targetHints":{"allow":["GET"]}}],"collection":[{"href":"https:\/\/www.k-g.com.mx\/en\/wp-json\/wp\/v2\/posts"}],"about":[{"href":"https:\/\/www.k-g.com.mx\/en\/wp-json\/wp\/v2\/types\/post"}],"author":[{"embeddable":true,"href":"https:\/\/www.k-g.com.mx\/en\/wp-json\/wp\/v2\/users\/1"}],"replies":[{"embeddable":true,"href":"https:\/\/www.k-g.com.mx\/en\/wp-json\/wp\/v2\/comments?post=1570"}],"version-history":[{"count":1,"href":"https:\/\/www.k-g.com.mx\/en\/wp-json\/wp\/v2\/posts\/1570\/revisions"}],"predecessor-version":[{"id":1572,"href":"https:\/\/www.k-g.com.mx\/en\/wp-json\/wp\/v2\/posts\/1570\/revisions\/1572"}],"wp:featuredmedia":[{"embeddable":true,"href":"https:\/\/www.k-g.com.mx\/en\/wp-json\/wp\/v2\/media\/1571"}],"wp:attachment":[{"href":"https:\/\/www.k-g.com.mx\/en\/wp-json\/wp\/v2\/media?parent=1570"}],"wp:term":[{"taxonomy":"category","embeddable":true,"href":"https:\/\/www.k-g.com.mx\/en\/wp-json\/wp\/v2\/categories?post=1570"},{"taxonomy":"post_tag","embeddable":true,"href":"https:\/\/www.k-g.com.mx\/en\/wp-json\/wp\/v2\/tags?post=1570"}],"curies":[{"name":"wp","href":"https:\/\/api.w.org\/{rel}","templated":true}]}}